{"id":36230,"date":"2026-03-15T16:36:26","date_gmt":"2026-03-15T14:36:26","guid":{"rendered":"https:\/\/www.ifegypte.com\/appel-a-candidatures-programme-de-mentorat-de-photographie-avec-nabil-boutros\/"},"modified":"2026-03-18T10:03:15","modified_gmt":"2026-03-18T08:03:15","slug":"appel-a-candidatures-programme-de-mentorat-de-photographie-avec-nabil-boutros","status":"publish","type":"post","link":"https:\/\/www.ifegypte.com\/ar\/appel-a-candidatures-programme-de-mentorat-de-photographie-avec-nabil-boutros\/","title":{"rendered":"Appel \u00e0 Candidatures \/ Atelier photo anim\u00e9 par Nabil Boutros"},"content":{"rendered":"<div class=\"wpb-content-wrapper\"><p>[vc_row][vc_column][vc_column_text css=&#8221;&#8221;]<\/p>\n<p style=\"text-align: right;\">\u064a\u0646\u0638\u0645 \u0627\u0644\u0645\u0639\u0647\u062f \u0627\u0644\u0641\u0631\u0646\u0633\u064a \u0628\u0645\u0635\u0631 \u0648\u0631\u0634\u0629 \u0639\u0645\u0644 \u062c\u062f\u064a\u062f\u0629 \u0641\u064a \u0627\u0644\u062a\u0635\u0648\u064a\u0631 \u0627\u0644\u0641\u0648\u062a\u0648\u063a\u0631\u0627\u0641\u064a \u0628\u0625\u0634\u0631\u0627\u0641 \u0627\u0644\u0641\u0646\u0627\u0646 \u0646\u0628\u064a\u0644 \u0628\u0637\u0631\u0633!<br \/>\n\u0648\u0647\u064a \u0641\u0631\u0635\u0629 \u0644\u062b\u0645\u0627\u0646\u064a\u0629 \u0645\u0635\u0648\u0651\u0631\u064a\u0646 \u0634\u0628\u0627\u0628 \u0644\u062a\u0637\u0648\u064a\u0631 \u0631\u0624\u064a\u062a\u0647\u0645 \u0627\u0644\u0641\u0646\u064a\u0629 \u0648\u0628\u0646\u0627\u0621 \u0645\u0639\u0631\u0636 \u062c\u0645\u0627\u0639\u064a \u062d\u0648\u0644 \u0645\u0648\u0636\u0648\u0639 <em>\u0627\u0644\u0622\u062e\u0631<\/em>\u060c \u0648\u0633\u064a\u064f\u0639\u0631\u0636 \u0641\u064a \u0627\u0644\u0645\u0639\u0647\u062f \u0644\u0645\u062f\u0629 \u0634\u0647\u0631.<\/p>\n<p style=\"text-align: right;\"><strong>\u0627\u0644\u062a\u0648\u0627\u0631\u064a\u062e<\/strong><strong>:<\/strong> \u00a030 \u0645\u0627\u0631\u0633\u060c 3 \u0623\u0628\u0631\u064a\u0644\u060c 5 \u0623\u0628\u0631\u064a\u0644\u060c 7 \u0623\u0628\u0631\u064a\u0644 \u06489 \u0623\u0628\u0631\u064a\u0644 \u2014 \u0645\u0646 \u0627\u0644\u0633\u0627\u0639\u0629 10 \u0635\u0628\u0627\u062d\u064b\u0627 \u062d\u062a\u0649 5 \u0645\u0633\u0627\u0621\u064b\u060c \u0641\u064a \u0627\u0644\u0645\u0639\u0647\u062f \u0627\u0644\u0641\u0631\u0646\u0633\u064a \u0628\u0645\u0635\u0631- \u0627\u0644\u0645\u0646\u064a\u0631\u0629.<\/p>\n<p style=\"text-align: right;\"><strong>\u0627\u0644\u0645\u0644\u0641 \u0627\u0644\u0645\u0637\u0644\u0648\u0628<\/strong><strong>:<\/strong> \u0645\u0635\u0648\u0651\u0631\u0648\u0646 \u0634\u0628\u0627\u0628 \u0645\u062a\u062d\u0645\u0633\u0648\u0646\u060c \u0645\u062a\u0627\u062d\u0648\u0646 \u0641\u064a \u062c\u0645\u064a\u0639 \u0627\u0644\u062a\u0648\u0627\u0631\u064a\u062e\u060c \u0648\u064a\u0645\u062a\u0644\u0643\u0648\u0646 \u0645\u0639\u062f\u0627\u062a \u0627\u0644\u062a\u0635\u0648\u064a\u0631 \u0627\u0644\u062e\u0627\u0635\u0629 \u0628\u0647\u0645.<\/p>\n<p style=\"text-align: right;\">\u0644\u0644\u062a\u0642\u062f\u064a\u0645\u060c \u064a\u064f\u0631\u062c\u0649 \u0625\u0631\u0633\u0627\u0644 \u0627\u0644\u0633\u064a\u0631\u0629 \u0627\u0644\u0630\u0627\u062a\u064a\u0629\u060c \u0648\u0628\u0648\u0631\u062a\u0641\u0648\u0644\u064a\u0648 \u0627\u0644\u0623\u0639\u0645\u0627\u0644\u060c \u0648\u0627\u0633\u062a\u0643\u0645\u0627\u0644 \u0627\u0633\u062a\u0645\u0627\u0631\u0629 \u0627\u0644\u062a\u0631\u0634\u064a\u062d \u0642\u0628\u0644 23 \u0645\u0627\u0631\u0633 2026 \u0641\u064a \u062a\u0645\u0627\u0645 \u0627\u0644\u0633\u0627\u0639\u0629 11:59 \u0645\u0633\u0627\u0621\u064b \u0625\u0644\u0649 \u0627\u0644\u0628\u0631\u064a\u062f \u0627\u0644\u062a\u0627\u0644\u064a: <strong>culture@ifegypte.com<\/strong><\/p>\n<p style=\"text-align: right;\">:\u0644\u0645\u0632\u064a\u062f \u0645\u0646 \u0627\u0644\u0645\u0639\u0644\u0648\u0645\u0627\u062a<\/p>\n<p style=\"text-align: right;\"><a href=\"https:\/\/www.ifegypte.com\/wp-content\/uploads\/2026\/03\/Questionnaire-de-candidatures-AR.pdf\">Questionnaire<\/a><\/p>\n<p>[\/vc_column_text][\/vc_column][\/vc_row][vc_row][vc_column][vc_btn title=&#8221;Call for Applications&#8221; link=&#8221;url:https%3A%2F%2Fwww.ifegypte.com%2Fwp-content%2Fuploads%2F2026%2F03%2FAppel-a-candidatures-AR-1.pdf|title:Call%20for%20Applications&#8221;][\/vc_column][\/vc_row]<\/p>\n<\/div>","protected":false},"excerpt":{"rendered":"<p>[vc_row][vc_column][vc_column_text css=&#8221;&#8221;] \u064a\u0646\u0638\u0645 \u0627\u0644\u0645\u0639\u0647\u062f \u0627\u0644\u0641\u0631\u0646\u0633\u064a \u0628\u0645\u0635\u0631 \u0648\u0631\u0634\u0629 \u0639\u0645\u0644 \u062c\u062f\u064a\u062f\u0629 \u0641\u064a \u0627\u0644\u062a\u0635\u0648\u064a\u0631 \u0627\u0644\u0641\u0648\u062a\u0648\u063a\u0631\u0627\u0641\u064a \u0628\u0625\u0634\u0631\u0627\u0641 \u0627\u0644\u0641\u0646\u0627\u0646 \u0646\u0628\u064a\u0644 [&hellip;]<\/p>\n","protected":false},"author":8,"featured_media":36276,"comment_status":"closed","ping_status":"closed","sticky":false,"template":"","format":"standard","meta":{"footnotes":""},"categories":[15],"tags":[],"class_list":["post-36230","post","type-post","status-publish","format-standard","has-post-thumbnail","hentry","category-15"],"yoast_head":"<!-- This site is optimized with the Yoast SEO plugin v27.1.1 - https:\/\/yoast.com\/product\/yoast-seo-wordpress\/ -->\n<title>Appel \u00e0 Candidatures \/ Atelier photo anim\u00e9 par Nabil Boutros - Institut fran\u00e7ais d&#039;\u00c9gypte<\/title>\n<meta name=\"robots\" content=\"index, follow, max-snippet:-1, max-image-preview:large, max-video-preview:-1\" \/>\n<link rel=\"canonical\" href=\"https:\/\/www.ifegypte.com\/ar\/appel-a-candidatures-programme-de-mentorat-de-photographie-avec-nabil-boutros\/\" \/>\n<meta property=\"og:locale\" content=\"ar_AR\" \/>\n<meta property=\"og:type\" content=\"article\" \/>\n<meta property=\"og:title\" content=\"Appel \u00e0 Candidatures \/ Atelier photo anim\u00e9 par Nabil Boutros - Institut fran\u00e7ais d&#039;\u00c9gypte\" \/>\n<meta property=\"og:description\" content=\"[vc_row][vc_column][vc_column_text css=&#8221;&#8221;] \u064a\u0646\u0638\u0645 \u0627\u0644\u0645\u0639\u0647\u062f \u0627\u0644\u0641\u0631\u0646\u0633\u064a \u0628\u0645\u0635\u0631 \u0648\u0631\u0634\u0629 \u0639\u0645\u0644 \u062c\u062f\u064a\u062f\u0629 \u0641\u064a \u0627\u0644\u062a\u0635\u0648\u064a\u0631 \u0627\u0644\u0641\u0648\u062a\u0648\u063a\u0631\u0627\u0641\u064a \u0628\u0625\u0634\u0631\u0627\u0641 \u0627\u0644\u0641\u0646\u0627\u0646 \u0646\u0628\u064a\u0644 [&hellip;]\" \/>\n<meta property=\"og:url\" content=\"https:\/\/www.ifegypte.com\/ar\/appel-a-candidatures-programme-de-mentorat-de-photographie-avec-nabil-boutros\/\" \/>\n<meta property=\"og:site_name\" content=\"Institut fran\u00e7ais d&#039;\u00c9gypte\" \/>\n<meta property=\"article:publisher\" content=\"https:\/\/www.facebook.com\/InstitutFrancaisEgypte\/\" \/>\n<meta property=\"article:published_time\" content=\"2026-03-15T14:36:26+00:00\" \/>\n<meta property=\"article:modified_time\" content=\"2026-03-18T08:03:15+00:00\" \/>\n<meta property=\"og:image\" content=\"https:\/\/www.ifegypte.com\/wp-content\/uploads\/2026\/03\/Actualite-pour-le-site-12.jpg\" \/>\n\t<meta property=\"og:image:width\" content=\"851\" \/>\n\t<meta property=\"og:image:height\" content=\"315\" \/>\n\t<meta property=\"og:image:type\" content=\"image\/jpeg\" \/>\n<meta name=\"author\" content=\"Communication IFE\" \/>\n<meta name=\"twitter:card\" content=\"summary_large_image\" \/>\n<meta name=\"twitter:creator\" content=\"@IFEgypte\" \/>\n<meta name=\"twitter:site\" content=\"@IFEgypte\" \/>\n<meta name=\"twitter:label1\" content=\"Written by\" \/>\n\t<meta name=\"twitter:data1\" content=\"Communication IFE\" \/>\n\t<meta name=\"twitter:label2\" content=\"Est. reading time\" \/>\n\t<meta name=\"twitter:data2\" content=\"1 minute\" \/>\n<script type=\"application\/ld+json\" class=\"yoast-schema-graph\">{\"@context\":\"https:\/\/schema.org\",\"@graph\":[{\"@type\":\"Article\",\"@id\":\"https:\/\/www.ifegypte.com\/ar\/appel-a-candidatures-programme-de-mentorat-de-photographie-avec-nabil-boutros\/#article\",\"isPartOf\":{\"@id\":\"https:\/\/www.ifegypte.com\/ar\/appel-a-candidatures-programme-de-mentorat-de-photographie-avec-nabil-boutros\/\"},\"author\":{\"name\":\"Communication IFE\",\"@id\":\"https:\/\/www.ifegypte.com\/#\/schema\/person\/aff5d1faec5eabaa07f6acec48ddcc45\"},\"headline\":\"Appel \u00e0 Candidatures \/ Atelier photo anim\u00e9 par Nabil Boutros\",\"datePublished\":\"2026-03-15T14:36:26+00:00\",\"dateModified\":\"2026-03-18T08:03:15+00:00\",\"mainEntityOfPage\":{\"@id\":\"https:\/\/www.ifegypte.com\/ar\/appel-a-candidatures-programme-de-mentorat-de-photographie-avec-nabil-boutros\/\"},\"wordCount\":60,\"image\":{\"@id\":\"https:\/\/www.ifegypte.com\/ar\/appel-a-candidatures-programme-de-mentorat-de-photographie-avec-nabil-boutros\/#primaryimage\"},\"thumbnailUrl\":\"https:\/\/www.ifegypte.com\/wp-content\/uploads\/2026\/03\/Actualite-pour-le-site-13.jpg\",\"articleSection\":[\"\u0627\u0644\u0623\u062e\u0628\u0627\u0631\"],\"inLanguage\":\"ar-EG\"},{\"@type\":\"WebPage\",\"@id\":\"https:\/\/www.ifegypte.com\/ar\/appel-a-candidatures-programme-de-mentorat-de-photographie-avec-nabil-boutros\/\",\"url\":\"https:\/\/www.ifegypte.com\/ar\/appel-a-candidatures-programme-de-mentorat-de-photographie-avec-nabil-boutros\/\",\"name\":\"Appel \u00e0 Candidatures \/ Atelier photo anim\u00e9 par Nabil Boutros - Institut fran\u00e7ais d&#039;\u00c9gypte\",\"isPartOf\":{\"@id\":\"https:\/\/www.ifegypte.com\/#website\"},\"primaryImageOfPage\":{\"@id\":\"https:\/\/www.ifegypte.com\/ar\/appel-a-candidatures-programme-de-mentorat-de-photographie-avec-nabil-boutros\/#primaryimage\"},\"image\":{\"@id\":\"https:\/\/www.ifegypte.com\/ar\/appel-a-candidatures-programme-de-mentorat-de-photographie-avec-nabil-boutros\/#primaryimage\"},\"thumbnailUrl\":\"https:\/\/www.ifegypte.com\/wp-content\/uploads\/2026\/03\/Actualite-pour-le-site-13.jpg\",\"datePublished\":\"2026-03-15T14:36:26+00:00\",\"dateModified\":\"2026-03-18T08:03:15+00:00\",\"author\":{\"@id\":\"https:\/\/www.ifegypte.com\/#\/schema\/person\/aff5d1faec5eabaa07f6acec48ddcc45\"},\"breadcrumb\":{\"@id\":\"https:\/\/www.ifegypte.com\/ar\/appel-a-candidatures-programme-de-mentorat-de-photographie-avec-nabil-boutros\/#breadcrumb\"},\"inLanguage\":\"ar-EG\",\"potentialAction\":[{\"@type\":\"ReadAction\",\"target\":[\"https:\/\/www.ifegypte.com\/ar\/appel-a-candidatures-programme-de-mentorat-de-photographie-avec-nabil-boutros\/\"]}]},{\"@type\":\"ImageObject\",\"inLanguage\":\"ar-EG\",\"@id\":\"https:\/\/www.ifegypte.com\/ar\/appel-a-candidatures-programme-de-mentorat-de-photographie-avec-nabil-boutros\/#primaryimage\",\"url\":\"https:\/\/www.ifegypte.com\/wp-content\/uploads\/2026\/03\/Actualite-pour-le-site-13.jpg\",\"contentUrl\":\"https:\/\/www.ifegypte.com\/wp-content\/uploads\/2026\/03\/Actualite-pour-le-site-13.jpg\",\"width\":851,\"height\":315},{\"@type\":\"BreadcrumbList\",\"@id\":\"https:\/\/www.ifegypte.com\/ar\/appel-a-candidatures-programme-de-mentorat-de-photographie-avec-nabil-boutros\/#breadcrumb\",\"itemListElement\":[{\"@type\":\"ListItem\",\"position\":1,\"name\":\"\",\"item\":\"https:\/\/www.ifegypte.com\/ar\/\"},{\"@type\":\"ListItem\",\"position\":2,\"name\":\"Appel \u00e0 Candidatures \/ Atelier photo anim\u00e9 par Nabil Boutros\"}]},{\"@type\":\"WebSite\",\"@id\":\"https:\/\/www.ifegypte.com\/#website\",\"url\":\"https:\/\/www.ifegypte.com\/\",\"name\":\"Institut fran\u00e7ais d&#039;\u00c9gypte\",\"description\":\"\",\"potentialAction\":[{\"@type\":\"SearchAction\",\"target\":{\"@type\":\"EntryPoint\",\"urlTemplate\":\"https:\/\/www.ifegypte.com\/?s={search_term_string}\"},\"query-input\":{\"@type\":\"PropertyValueSpecification\",\"valueRequired\":true,\"valueName\":\"search_term_string\"}}],\"inLanguage\":\"ar-EG\"},{\"@type\":\"Person\",\"@id\":\"https:\/\/www.ifegypte.com\/#\/schema\/person\/aff5d1faec5eabaa07f6acec48ddcc45\",\"name\":\"Communication IFE\",\"image\":{\"@type\":\"ImageObject\",\"inLanguage\":\"ar-EG\",\"@id\":\"https:\/\/www.ifegypte.com\/#\/schema\/person\/image\/\",\"url\":\"https:\/\/secure.gravatar.com\/avatar\/d8cba0df4fe1462a2e196fa04fb1efbea22f8071a94d696965a446cc511f47d5?s=96&d=mm&r=g\",\"contentUrl\":\"https:\/\/secure.gravatar.com\/avatar\/d8cba0df4fe1462a2e196fa04fb1efbea22f8071a94d696965a446cc511f47d5?s=96&d=mm&r=g\",\"caption\":\"Communication IFE\"},\"url\":\"https:\/\/www.ifegypte.com\/ar\/author\/communication-ife\/\"}]}<\/script>\n<!-- \/ Yoast SEO plugin. -->","yoast_head_json":{"title":"Appel \u00e0 Candidatures \/ Atelier photo anim\u00e9 par Nabil Boutros - Institut fran\u00e7ais d&#039;\u00c9gypte","robots":{"index":"index","follow":"follow","max-snippet":"max-snippet:-1","max-image-preview":"max-image-preview:large","max-video-preview":"max-video-preview:-1"},"canonical":"https:\/\/www.ifegypte.com\/ar\/appel-a-candidatures-programme-de-mentorat-de-photographie-avec-nabil-boutros\/","og_locale":"ar_AR","og_type":"article","og_title":"Appel \u00e0 Candidatures \/ Atelier photo anim\u00e9 par Nabil Boutros - Institut fran\u00e7ais d&#039;\u00c9gypte","og_description":"[vc_row][vc_column][vc_column_text css=&#8221;&#8221;] \u064a\u0646\u0638\u0645 \u0627\u0644\u0645\u0639\u0647\u062f \u0627\u0644\u0641\u0631\u0646\u0633\u064a \u0628\u0645\u0635\u0631 \u0648\u0631\u0634\u0629 \u0639\u0645\u0644 \u062c\u062f\u064a\u062f\u0629 \u0641\u064a \u0627\u0644\u062a\u0635\u0648\u064a\u0631 \u0627\u0644\u0641\u0648\u062a\u0648\u063a\u0631\u0627\u0641\u064a \u0628\u0625\u0634\u0631\u0627\u0641 \u0627\u0644\u0641\u0646\u0627\u0646 \u0646\u0628\u064a\u0644 [&hellip;]","og_url":"https:\/\/www.ifegypte.com\/ar\/appel-a-candidatures-programme-de-mentorat-de-photographie-avec-nabil-boutros\/","og_site_name":"Institut fran\u00e7ais d&#039;\u00c9gypte","article_publisher":"https:\/\/www.facebook.com\/InstitutFrancaisEgypte\/","article_published_time":"2026-03-15T14:36:26+00:00","article_modified_time":"2026-03-18T08:03:15+00:00","og_image":[{"width":851,"height":315,"url":"https:\/\/www.ifegypte.com\/wp-content\/uploads\/2026\/03\/Actualite-pour-le-site-12.jpg","type":"image\/jpeg"}],"author":"Communication IFE","twitter_card":"summary_large_image","twitter_creator":"@IFEgypte","twitter_site":"@IFEgypte","twitter_misc":{"Written by":"Communication IFE","Est. reading time":"1 minute"},"schema":{"@context":"https:\/\/schema.org","@graph":[{"@type":"Article","@id":"https:\/\/www.ifegypte.com\/ar\/appel-a-candidatures-programme-de-mentorat-de-photographie-avec-nabil-boutros\/#article","isPartOf":{"@id":"https:\/\/www.ifegypte.com\/ar\/appel-a-candidatures-programme-de-mentorat-de-photographie-avec-nabil-boutros\/"},"author":{"name":"Communication IFE","@id":"https:\/\/www.ifegypte.com\/#\/schema\/person\/aff5d1faec5eabaa07f6acec48ddcc45"},"headline":"Appel \u00e0 Candidatures \/ Atelier photo anim\u00e9 par Nabil Boutros","datePublished":"2026-03-15T14:36:26+00:00","dateModified":"2026-03-18T08:03:15+00:00","mainEntityOfPage":{"@id":"https:\/\/www.ifegypte.com\/ar\/appel-a-candidatures-programme-de-mentorat-de-photographie-avec-nabil-boutros\/"},"wordCount":60,"image":{"@id":"https:\/\/www.ifegypte.com\/ar\/appel-a-candidatures-programme-de-mentorat-de-photographie-avec-nabil-boutros\/#primaryimage"},"thumbnailUrl":"https:\/\/www.ifegypte.com\/wp-content\/uploads\/2026\/03\/Actualite-pour-le-site-13.jpg","articleSection":["\u0627\u0644\u0623\u062e\u0628\u0627\u0631"],"inLanguage":"ar-EG"},{"@type":"WebPage","@id":"https:\/\/www.ifegypte.com\/ar\/appel-a-candidatures-programme-de-mentorat-de-photographie-avec-nabil-boutros\/","url":"https:\/\/www.ifegypte.com\/ar\/appel-a-candidatures-programme-de-mentorat-de-photographie-avec-nabil-boutros\/","name":"Appel \u00e0 Candidatures \/ Atelier photo anim\u00e9 par Nabil Boutros - Institut fran\u00e7ais d&#039;\u00c9gypte","isPartOf":{"@id":"https:\/\/www.ifegypte.com\/#website"},"primaryImageOfPage":{"@id":"https:\/\/www.ifegypte.com\/ar\/appel-a-candidatures-programme-de-mentorat-de-photographie-avec-nabil-boutros\/#primaryimage"},"image":{"@id":"https:\/\/www.ifegypte.com\/ar\/appel-a-candidatures-programme-de-mentorat-de-photographie-avec-nabil-boutros\/#primaryimage"},"thumbnailUrl":"https:\/\/www.ifegypte.com\/wp-content\/uploads\/2026\/03\/Actualite-pour-le-site-13.jpg","datePublished":"2026-03-15T14:36:26+00:00","dateModified":"2026-03-18T08:03:15+00:00","author":{"@id":"https:\/\/www.ifegypte.com\/#\/schema\/person\/aff5d1faec5eabaa07f6acec48ddcc45"},"breadcrumb":{"@id":"https:\/\/www.ifegypte.com\/ar\/appel-a-candidatures-programme-de-mentorat-de-photographie-avec-nabil-boutros\/#breadcrumb"},"inLanguage":"ar-EG","potentialAction":[{"@type":"ReadAction","target":["https:\/\/www.ifegypte.com\/ar\/appel-a-candidatures-programme-de-mentorat-de-photographie-avec-nabil-boutros\/"]}]},{"@type":"ImageObject","inLanguage":"ar-EG","@id":"https:\/\/www.ifegypte.com\/ar\/appel-a-candidatures-programme-de-mentorat-de-photographie-avec-nabil-boutros\/#primaryimage","url":"https:\/\/www.ifegypte.com\/wp-content\/uploads\/2026\/03\/Actualite-pour-le-site-13.jpg","contentUrl":"https:\/\/www.ifegypte.com\/wp-content\/uploads\/2026\/03\/Actualite-pour-le-site-13.jpg","width":851,"height":315},{"@type":"BreadcrumbList","@id":"https:\/\/www.ifegypte.com\/ar\/appel-a-candidatures-programme-de-mentorat-de-photographie-avec-nabil-boutros\/#breadcrumb","itemListElement":[{"@type":"ListItem","position":1,"name":"","item":"https:\/\/www.ifegypte.com\/ar\/"},{"@type":"ListItem","position":2,"name":"Appel \u00e0 Candidatures \/ Atelier photo anim\u00e9 par Nabil Boutros"}]},{"@type":"WebSite","@id":"https:\/\/www.ifegypte.com\/#website","url":"https:\/\/www.ifegypte.com\/","name":"Institut fran\u00e7ais d&#039;\u00c9gypte","description":"","potentialAction":[{"@type":"SearchAction","target":{"@type":"EntryPoint","urlTemplate":"https:\/\/www.ifegypte.com\/?s={search_term_string}"},"query-input":{"@type":"PropertyValueSpecification","valueRequired":true,"valueName":"search_term_string"}}],"inLanguage":"ar-EG"},{"@type":"Person","@id":"https:\/\/www.ifegypte.com\/#\/schema\/person\/aff5d1faec5eabaa07f6acec48ddcc45","name":"Communication IFE","image":{"@type":"ImageObject","inLanguage":"ar-EG","@id":"https:\/\/www.ifegypte.com\/#\/schema\/person\/image\/","url":"https:\/\/secure.gravatar.com\/avatar\/d8cba0df4fe1462a2e196fa04fb1efbea22f8071a94d696965a446cc511f47d5?s=96&d=mm&r=g","contentUrl":"https:\/\/secure.gravatar.com\/avatar\/d8cba0df4fe1462a2e196fa04fb1efbea22f8071a94d696965a446cc511f47d5?s=96&d=mm&r=g","caption":"Communication IFE"},"url":"https:\/\/www.ifegypte.com\/ar\/author\/communication-ife\/"}]}},"_links":{"self":[{"href":"https:\/\/www.ifegypte.com\/ar\/wp-json\/wp\/v2\/posts\/36230","targetHints":{"allow":["GET"]}}],"collection":[{"href":"https:\/\/www.ifegypte.com\/ar\/wp-json\/wp\/v2\/posts"}],"about":[{"href":"https:\/\/www.ifegypte.com\/ar\/wp-json\/wp\/v2\/types\/post"}],"author":[{"embeddable":true,"href":"https:\/\/www.ifegypte.com\/ar\/wp-json\/wp\/v2\/users\/8"}],"replies":[{"embeddable":true,"href":"https:\/\/www.ifegypte.com\/ar\/wp-json\/wp\/v2\/comments?post=36230"}],"version-history":[{"count":6,"href":"https:\/\/www.ifegypte.com\/ar\/wp-json\/wp\/v2\/posts\/36230\/revisions"}],"predecessor-version":[{"id":36258,"href":"https:\/\/www.ifegypte.com\/ar\/wp-json\/wp\/v2\/posts\/36230\/revisions\/36258"}],"wp:featuredmedia":[{"embeddable":true,"href":"https:\/\/www.ifegypte.com\/ar\/wp-json\/wp\/v2\/media\/36276"}],"wp:attachment":[{"href":"https:\/\/www.ifegypte.com\/ar\/wp-json\/wp\/v2\/media?parent=36230"}],"wp:term":[{"taxonomy":"category","embeddable":true,"href":"https:\/\/www.ifegypte.com\/ar\/wp-json\/wp\/v2\/categories?post=36230"},{"taxonomy":"post_tag","embeddable":true,"href":"https:\/\/www.ifegypte.com\/ar\/wp-json\/wp\/v2\/tags?post=36230"}],"curies":[{"name":"wp","href":"https:\/\/api.w.org\/{rel}","templated":true}]}}