{"id":35286,"date":"2025-10-16T15:41:11","date_gmt":"2025-10-16T13:41:11","guid":{"rendered":"https:\/\/www.ifegypte.com\/concours-de-plaidoirie-journee-du-droit-2025\/"},"modified":"2025-10-16T15:56:59","modified_gmt":"2025-10-16T13:56:59","slug":"concours-de-plaidoirie-journee-du-droit-2025","status":"publish","type":"post","link":"https:\/\/www.ifegypte.com\/ar\/concours-de-plaidoirie-journee-du-droit-2025\/","title":{"rendered":"Concours de plaidoirie &#8211; Journ\u00e9e du Droit 2025"},"content":{"rendered":"<div class=\"wpb-content-wrapper\"><p>[vc_row][vc_column][vc_column_text css=&#8221;&#8221;]<\/p>\n<p data-start=\"106\" data-end=\"149\"><strong data-start=\"106\" data-end=\"147\">Que le meilleur plaidoyer l\u2019emporte !<\/strong><\/p>\n<p data-start=\"151\" data-end=\"505\">Pour l\u2019\u00e9dition 2025 de la Journ\u00e9e du droit, l\u2019Ambassade de France en \u00c9gypte, en partenariat avec l\u2019EDSC (IDAI) et avec la participation de l\u2019Institut franco-\u00e9gyptien, organise un \u00e9v\u00e9nement exceptionnel : un concours de plaidoirie r\u00e9unissant des \u00e9tudiantes et \u00e9tudiants francophones en \u00c9gypte autour du th\u00e8me de l\u2019\u00e9galit\u00e9 entre les femmes et les hommes.<\/p>\n<p data-start=\"507\" data-end=\"592\">Le d\u00e9fi : d\u00e9fendre en fran\u00e7ais un sujet tir\u00e9 au sort, avec \u00e9loquence et conviction.<\/p>\n<p data-start=\"594\" data-end=\"839\">Apr\u00e8s une premi\u00e8re phase qualificative le 25 septembre, 11 brillants \u00e9tudiants en droit de l\u2019Universit\u00e9 du Caire et de l\u2019Universit\u00e9 d\u2019A\u00efn Shams se sont retrouv\u00e9s le 2 octobre pour la seconde phase qualificative. Ont-ils su convaincre le jury ?<\/p>\n<p data-start=\"841\" data-end=\"1066\">Ne manquez pas la grande finale, pr\u00e9sid\u00e9e par Eric Chevallier, Ambassadeur de France en \u00c9gypte, et retransmise en direct le lundi 20 octobre \u00e0 17h00, en fran\u00e7ais et en arabe, sur les r\u00e9seaux de l\u2019Institut fran\u00e7ais d\u2019\u00c9gypte.<\/p>\n<p data-start=\"1068\" data-end=\"1086\">Restez connect\u00e9s !<\/p>\n<p style=\"text-align: right;\" data-start=\"83\" data-end=\"373\"><strong data-start=\"83\" data-end=\"105\">\u0641\u0644\u064a\u064e\u0641\u064f\u0632 \u0623\u0641\u0636\u0644 \u062f\u0641\u0627\u0639!<\/strong><br data-start=\"105\" data-end=\"108\" \/>\u0644\u0646\u0633\u062e\u0629 \u0639\u0627\u0645 2025 \u0645\u0646 \u064a\u0648\u0645 \u0627\u0644\u0642\u0627\u0646\u0648\u0646\u060c \u062a\u0646\u0638\u0645 \u0627\u0644\u0633\u0641\u0627\u0631\u0629 \u0627\u0644\u0641\u0631\u0646\u0633\u064a\u0629 \u0641\u064a \u0645\u0635\u0631 \u0628\u0627\u0644\u0634\u0631\u0627\u0643\u0629 \u0645\u0639 \u0627\u0644\u0645\u0639\u0647\u062f \u0627\u0644\u062f\u0648\u0644\u064a \u0644\u0644\u0642\u0627\u0646\u0648\u0646 \u0648\u0627\u0644\u0644\u063a\u0629 \u0627\u0644\u0641\u0631\u0646\u0633\u064a\u0629 \u0648\u0627\u0644\u0645\u0634\u0627\u0631\u0643\u0629 \u0645\u0646 \u0627\u0644\u0645\u0639\u0647\u062f \u0627\u0644\u0641\u0631\u0646\u0633\u064a \u0627\u0644\u0645\u0635\u0631\u064a \u062d\u062f\u062b\u064b\u0627 \u0627\u0633\u062a\u062b\u0646\u0627\u0626\u064a\u064b\u0627: \u0645\u0633\u0627\u0628\u0642\u0629 \u0644\u0644\u0645\u0631\u0627\u0641\u0639\u0629 \u062a\u062c\u0645\u0639 \u0627\u0644\u0637\u0644\u0627\u0628 \u0648\u0627\u0644\u0637\u0627\u0644\u0628\u0627\u062a \u0627\u0644\u0646\u0627\u0637\u0642\u064a\u0646 \u0628\u0627\u0644\u0641\u0631\u0646\u0633\u064a\u0629 \u0641\u064a \u0645\u0635\u0631 \u062d\u0648\u0644 \u0645\u0648\u0636\u0648\u0639 \u0627\u0644\u0645\u0633\u0627\u0648\u0627\u0629 \u0628\u064a\u0646 \u0627\u0644\u0646\u0633\u0627\u0621 \u0648\u0627\u0644\u0631\u062c\u0627\u0644.<\/p>\n<p style=\"text-align: right;\" data-start=\"375\" data-end=\"465\"><strong data-start=\"375\" data-end=\"386\">\u0627\u0644\u062a\u062d\u062f\u064a:<\/strong> \u0627\u0644\u062f\u0641\u0627\u0639 \u0628\u0627\u0644\u0644\u063a\u0629 \u0627\u0644\u0641\u0631\u0646\u0633\u064a\u0629 \u0639\u0646 \u0645\u0648\u0636\u0648\u0639 \u064a\u062a\u0645 \u0627\u062e\u062a\u064a\u0627\u0631\u0647 \u0639\u0646 \u0637\u0631\u064a\u0642 \u0633\u062d\u0628 \u0639\u0634\u0648\u0627\u0626\u064a\u060c \u0628\u0628\u0644\u0627\u063a\u0629 \u0648\u0625\u0642\u0646\u0627\u0639.<\/p>\n<p style=\"text-align: right;\" data-start=\"467\" data-end=\"655\"><strong data-start=\"467\" data-end=\"655\">\u0628\u0639\u062f \u0645\u0631\u062d\u0644\u0629 \u0627\u0644\u062a\u0623\u0647\u0644 \u0627\u0644\u0623\u0648\u0644\u0649 \u0641\u064a 25 \u0633\u0628\u062a\u0645\u0628\u0631\u060c \u0627\u0644\u062a\u0642\u0649 11 \u0637\u0627\u0644\u0628\u064b\u0627 \u0645\u062a\u0645\u064a\u0632\u064b\u0627 \u0641\u064a \u0627\u0644\u0642\u0627\u0646\u0648\u0646 \u0645\u0646 \u062c\u0627\u0645\u0639\u0629 \u0627\u0644\u0642\u0627\u0647\u0631\u0629 \u0648\u062c\u0627\u0645\u0639\u0629 \u0639\u064a\u0646 \u0634\u0645\u0633 \u0641\u064a 2 \u0623\u0643\u062a\u0648\u0628\u0631 \u0644\u0644\u0645\u0634\u0627\u0631\u0643\u0629 \u0641\u064a \u0645\u0631\u062d\u0644\u0629 \u0627\u0644\u062a\u0623\u0647\u0644 \u0627\u0644\u062b\u0627\u0646\u064a\u0629. \u0641\u0647\u0644 \u062a\u0645\u0643\u0646\u0648\u0627 \u0645\u0646 \u0625\u0642\u0646\u0627\u0639 \u0644\u062c\u0646\u0629 \u0627\u0644\u062a\u062d\u0643\u064a\u0645\u061f<\/strong><\/p>\n<p style=\"text-align: right;\" data-start=\"657\" data-end=\"826\"><strong data-start=\"657\" data-end=\"826\">\u0644\u0627 \u062a\u0641\u0648\u062a\u0648\u0627 \u0627\u0644\u0645\u0631\u062d\u0644\u0629 \u0627\u0644\u0646\u0647\u0627\u0626\u064a\u0629 \u064a\u0648\u0645 \u0627\u0644\u0627\u062b\u0646\u064a\u0646 20 \u0623\u0643\u062a\u0648\u0628\u0631 \u0641\u064a \u0627\u0644\u0633\u0627\u0639\u0629 \u0627\u0644\u062e\u0627\u0645\u0633\u0629 \u0645\u0633\u0627\u0621\u064b\u060c \u0628\u0631\u0626\u0627\u0633\u0629 \u0625\u0631\u064a\u0643 \u0634\u0648\u0641\u0627\u0644\u064a\u064a\u0647\u060c \u0633\u0641\u064a\u0631 \u0641\u0631\u0646\u0633\u0627 \u0641\u064a \u0645\u0635\u0631\u060c \u0648\u0627\u0644\u062a\u064a \u0633\u064a\u062a\u0645 \u0628\u062b\u0647\u0627 \u0645\u0628\u0627\u0634\u0631\u0629 \u0628\u0627\u0644\u0644\u063a\u062a\u064a\u0646 \u0627\u0644\u0641\u0631\u0646\u0633\u064a\u0629 \u0648\u0627\u0644\u0639\u0631\u0628\u064a\u0629.<\/strong><\/p>\n<p style=\"text-align: right;\" data-start=\"828\" data-end=\"843\">\u062a\u0627\u0628\u0639\u0648\u0646\u0627 \u0644\u0644\u0645\u0632\u064a\u062f.<\/p>\n<p>[\/vc_column_text][vc_btn title=&#8221;Suivez la finale en direct&#8221; css=&#8221;&#8221; link=&#8221;url:https%3A%2F%2Flinktr.ee%2FInstitutFrancaisEgypte|title:Suivre%20la%20finale%20en%20direct%20&#8243;][\/vc_column][\/vc_row]<\/p>\n<\/div>","protected":false},"excerpt":{"rendered":"<p>\u00c0 l\u2019occasion de la Journ\u00e9e du droit 2025, l\u2019Ambassade de France en \u00c9gypte, en partenariat avec l\u2019EDSC (IDAI) et avec la participation de l\u2019Institut franco-\u00e9gyptien, organise un concours de plaidoirie r\u00e9unissant des \u00e9tudiants francophones autour du th\u00e8me de l\u2019\u00e9galit\u00e9 entre les femmes et les hommes. Apr\u00e8s deux phases qualificatives, la grande finale se tiendra le 20 octobre et sera diffus\u00e9e en direct en fran\u00e7ais et en arabe.<\/p>\n","protected":false},"author":8,"featured_media":35283,"comment_status":"closed","ping_status":"open","sticky":false,"template":"","format":"standard","meta":{"footnotes":""},"categories":[15],"tags":[],"class_list":["post-35286","post","type-post","status-publish","format-standard","has-post-thumbnail","hentry","category-15"],"yoast_head":"<!-- This site is optimized with the Yoast SEO plugin v27.1.1 - https:\/\/yoast.com\/product\/yoast-seo-wordpress\/ -->\n<title>Concours de plaidoirie - Journ\u00e9e du Droit 2025 - Institut fran\u00e7ais d&#039;\u00c9gypte<\/title>\n<meta name=\"description\" content=\"Suivez la grande finale du concours de plaidoirie organis\u00e9 dans le cadre Journ\u00e9e du Droit 2025, le tout en direct et en fran\u00e7ais !\" \/>\n<meta name=\"robots\" content=\"index, follow, max-snippet:-1, max-image-preview:large, max-video-preview:-1\" \/>\n<link rel=\"canonical\" href=\"https:\/\/www.ifegypte.com\/ar\/concours-de-plaidoirie-journee-du-droit-2025\/\" \/>\n<meta property=\"og:locale\" content=\"ar_AR\" \/>\n<meta property=\"og:type\" content=\"article\" \/>\n<meta property=\"og:title\" content=\"Concours de plaidoirie - Journ\u00e9e du Droit 2025 - Institut fran\u00e7ais d&#039;\u00c9gypte\" \/>\n<meta property=\"og:description\" content=\"Suivez la grande finale du concours de plaidoirie organis\u00e9 dans le cadre Journ\u00e9e du Droit 2025, le tout en direct et en fran\u00e7ais !\" \/>\n<meta property=\"og:url\" content=\"https:\/\/www.ifegypte.com\/ar\/concours-de-plaidoirie-journee-du-droit-2025\/\" \/>\n<meta property=\"og:site_name\" content=\"Institut fran\u00e7ais d&#039;\u00c9gypte\" \/>\n<meta property=\"article:publisher\" content=\"https:\/\/www.facebook.com\/InstitutFrancaisEgypte\/\" \/>\n<meta property=\"article:published_time\" content=\"2025-10-16T13:41:11+00:00\" \/>\n<meta property=\"article:modified_time\" content=\"2025-10-16T13:56:59+00:00\" \/>\n<meta property=\"og:image\" content=\"https:\/\/www.ifegypte.com\/wp-content\/uploads\/2025\/10\/Visuel-Journee-du-Droit-2025-Concours-de-plaidoiries-2-1024x576.png\" \/>\n\t<meta property=\"og:image:width\" content=\"1024\" \/>\n\t<meta property=\"og:image:height\" content=\"576\" \/>\n\t<meta property=\"og:image:type\" content=\"image\/png\" \/>\n<meta name=\"author\" content=\"Communication IFE\" \/>\n<meta name=\"twitter:card\" content=\"summary_large_image\" \/>\n<meta name=\"twitter:creator\" content=\"@IFEgypte\" \/>\n<meta name=\"twitter:site\" content=\"@IFEgypte\" \/>\n<meta name=\"twitter:label1\" content=\"Written by\" \/>\n\t<meta name=\"twitter:data1\" content=\"Communication IFE\" \/>\n\t<meta name=\"twitter:label2\" content=\"Est. reading time\" \/>\n\t<meta name=\"twitter:data2\" content=\"1 minute\" \/>\n<script type=\"application\/ld+json\" class=\"yoast-schema-graph\">{\"@context\":\"https:\/\/schema.org\",\"@graph\":[{\"@type\":\"Article\",\"@id\":\"https:\/\/www.ifegypte.com\/ar\/concours-de-plaidoirie-journee-du-droit-2025\/#article\",\"isPartOf\":{\"@id\":\"https:\/\/www.ifegypte.com\/ar\/concours-de-plaidoirie-journee-du-droit-2025\/\"},\"author\":{\"name\":\"Communication IFE\",\"@id\":\"https:\/\/www.ifegypte.com\/#\/schema\/person\/aff5d1faec5eabaa07f6acec48ddcc45\"},\"headline\":\"Concours de plaidoirie &#8211; Journ\u00e9e du Droit 2025\",\"datePublished\":\"2025-10-16T13:41:11+00:00\",\"dateModified\":\"2025-10-16T13:56:59+00:00\",\"mainEntityOfPage\":{\"@id\":\"https:\/\/www.ifegypte.com\/ar\/concours-de-plaidoirie-journee-du-droit-2025\/\"},\"wordCount\":217,\"image\":{\"@id\":\"https:\/\/www.ifegypte.com\/ar\/concours-de-plaidoirie-journee-du-droit-2025\/#primaryimage\"},\"thumbnailUrl\":\"https:\/\/www.ifegypte.com\/wp-content\/uploads\/2025\/10\/Visuel-Journee-du-Droit-2025-Concours-de-plaidoiries-2.png\",\"articleSection\":[\"\u0627\u0644\u0623\u062e\u0628\u0627\u0631\"],\"inLanguage\":\"ar-EG\"},{\"@type\":\"WebPage\",\"@id\":\"https:\/\/www.ifegypte.com\/ar\/concours-de-plaidoirie-journee-du-droit-2025\/\",\"url\":\"https:\/\/www.ifegypte.com\/ar\/concours-de-plaidoirie-journee-du-droit-2025\/\",\"name\":\"Concours de plaidoirie - Journ\u00e9e du Droit 2025 - Institut fran\u00e7ais d&#039;\u00c9gypte\",\"isPartOf\":{\"@id\":\"https:\/\/www.ifegypte.com\/#website\"},\"primaryImageOfPage\":{\"@id\":\"https:\/\/www.ifegypte.com\/ar\/concours-de-plaidoirie-journee-du-droit-2025\/#primaryimage\"},\"image\":{\"@id\":\"https:\/\/www.ifegypte.com\/ar\/concours-de-plaidoirie-journee-du-droit-2025\/#primaryimage\"},\"thumbnailUrl\":\"https:\/\/www.ifegypte.com\/wp-content\/uploads\/2025\/10\/Visuel-Journee-du-Droit-2025-Concours-de-plaidoiries-2.png\",\"datePublished\":\"2025-10-16T13:41:11+00:00\",\"dateModified\":\"2025-10-16T13:56:59+00:00\",\"author\":{\"@id\":\"https:\/\/www.ifegypte.com\/#\/schema\/person\/aff5d1faec5eabaa07f6acec48ddcc45\"},\"description\":\"Suivez la grande finale du concours de plaidoirie organis\u00e9 dans le cadre Journ\u00e9e du Droit 2025, le tout en direct et en fran\u00e7ais !\",\"breadcrumb\":{\"@id\":\"https:\/\/www.ifegypte.com\/ar\/concours-de-plaidoirie-journee-du-droit-2025\/#breadcrumb\"},\"inLanguage\":\"ar-EG\",\"potentialAction\":[{\"@type\":\"ReadAction\",\"target\":[\"https:\/\/www.ifegypte.com\/ar\/concours-de-plaidoirie-journee-du-droit-2025\/\"]}]},{\"@type\":\"ImageObject\",\"inLanguage\":\"ar-EG\",\"@id\":\"https:\/\/www.ifegypte.com\/ar\/concours-de-plaidoirie-journee-du-droit-2025\/#primaryimage\",\"url\":\"https:\/\/www.ifegypte.com\/wp-content\/uploads\/2025\/10\/Visuel-Journee-du-Droit-2025-Concours-de-plaidoiries-2.png\",\"contentUrl\":\"https:\/\/www.ifegypte.com\/wp-content\/uploads\/2025\/10\/Visuel-Journee-du-Droit-2025-Concours-de-plaidoiries-2.png\",\"width\":2560,\"height\":1440,\"caption\":\"Journ\u00e9e du Droit 2025 - Concours de plaidoiries (2)\"},{\"@type\":\"BreadcrumbList\",\"@id\":\"https:\/\/www.ifegypte.com\/ar\/concours-de-plaidoirie-journee-du-droit-2025\/#breadcrumb\",\"itemListElement\":[{\"@type\":\"ListItem\",\"position\":1,\"name\":\"\",\"item\":\"https:\/\/www.ifegypte.com\/ar\/\"},{\"@type\":\"ListItem\",\"position\":2,\"name\":\"Concours de plaidoirie &#8211; Journ\u00e9e du Droit 2025\"}]},{\"@type\":\"WebSite\",\"@id\":\"https:\/\/www.ifegypte.com\/#website\",\"url\":\"https:\/\/www.ifegypte.com\/\",\"name\":\"Institut fran\u00e7ais d&#039;\u00c9gypte\",\"description\":\"\",\"potentialAction\":[{\"@type\":\"SearchAction\",\"target\":{\"@type\":\"EntryPoint\",\"urlTemplate\":\"https:\/\/www.ifegypte.com\/?s={search_term_string}\"},\"query-input\":{\"@type\":\"PropertyValueSpecification\",\"valueRequired\":true,\"valueName\":\"search_term_string\"}}],\"inLanguage\":\"ar-EG\"},{\"@type\":\"Person\",\"@id\":\"https:\/\/www.ifegypte.com\/#\/schema\/person\/aff5d1faec5eabaa07f6acec48ddcc45\",\"name\":\"Communication IFE\",\"image\":{\"@type\":\"ImageObject\",\"inLanguage\":\"ar-EG\",\"@id\":\"https:\/\/www.ifegypte.com\/#\/schema\/person\/image\/\",\"url\":\"https:\/\/secure.gravatar.com\/avatar\/d8cba0df4fe1462a2e196fa04fb1efbea22f8071a94d696965a446cc511f47d5?s=96&d=mm&r=g\",\"contentUrl\":\"https:\/\/secure.gravatar.com\/avatar\/d8cba0df4fe1462a2e196fa04fb1efbea22f8071a94d696965a446cc511f47d5?s=96&d=mm&r=g\",\"caption\":\"Communication IFE\"},\"url\":\"https:\/\/www.ifegypte.com\/ar\/author\/communication-ife\/\"}]}<\/script>\n<!-- \/ Yoast SEO plugin. -->","yoast_head_json":{"title":"Concours de plaidoirie - Journ\u00e9e du Droit 2025 - Institut fran\u00e7ais d&#039;\u00c9gypte","description":"Suivez la grande finale du concours de plaidoirie organis\u00e9 dans le cadre Journ\u00e9e du Droit 2025, le tout en direct et en fran\u00e7ais !","robots":{"index":"index","follow":"follow","max-snippet":"max-snippet:-1","max-image-preview":"max-image-preview:large","max-video-preview":"max-video-preview:-1"},"canonical":"https:\/\/www.ifegypte.com\/ar\/concours-de-plaidoirie-journee-du-droit-2025\/","og_locale":"ar_AR","og_type":"article","og_title":"Concours de plaidoirie - Journ\u00e9e du Droit 2025 - Institut fran\u00e7ais d&#039;\u00c9gypte","og_description":"Suivez la grande finale du concours de plaidoirie organis\u00e9 dans le cadre Journ\u00e9e du Droit 2025, le tout en direct et en fran\u00e7ais !","og_url":"https:\/\/www.ifegypte.com\/ar\/concours-de-plaidoirie-journee-du-droit-2025\/","og_site_name":"Institut fran\u00e7ais d&#039;\u00c9gypte","article_publisher":"https:\/\/www.facebook.com\/InstitutFrancaisEgypte\/","article_published_time":"2025-10-16T13:41:11+00:00","article_modified_time":"2025-10-16T13:56:59+00:00","og_image":[{"width":1024,"height":576,"url":"https:\/\/www.ifegypte.com\/wp-content\/uploads\/2025\/10\/Visuel-Journee-du-Droit-2025-Concours-de-plaidoiries-2-1024x576.png","type":"image\/png"}],"author":"Communication IFE","twitter_card":"summary_large_image","twitter_creator":"@IFEgypte","twitter_site":"@IFEgypte","twitter_misc":{"Written by":"Communication IFE","Est. reading time":"1 minute"},"schema":{"@context":"https:\/\/schema.org","@graph":[{"@type":"Article","@id":"https:\/\/www.ifegypte.com\/ar\/concours-de-plaidoirie-journee-du-droit-2025\/#article","isPartOf":{"@id":"https:\/\/www.ifegypte.com\/ar\/concours-de-plaidoirie-journee-du-droit-2025\/"},"author":{"name":"Communication IFE","@id":"https:\/\/www.ifegypte.com\/#\/schema\/person\/aff5d1faec5eabaa07f6acec48ddcc45"},"headline":"Concours de plaidoirie &#8211; Journ\u00e9e du Droit 2025","datePublished":"2025-10-16T13:41:11+00:00","dateModified":"2025-10-16T13:56:59+00:00","mainEntityOfPage":{"@id":"https:\/\/www.ifegypte.com\/ar\/concours-de-plaidoirie-journee-du-droit-2025\/"},"wordCount":217,"image":{"@id":"https:\/\/www.ifegypte.com\/ar\/concours-de-plaidoirie-journee-du-droit-2025\/#primaryimage"},"thumbnailUrl":"https:\/\/www.ifegypte.com\/wp-content\/uploads\/2025\/10\/Visuel-Journee-du-Droit-2025-Concours-de-plaidoiries-2.png","articleSection":["\u0627\u0644\u0623\u062e\u0628\u0627\u0631"],"inLanguage":"ar-EG"},{"@type":"WebPage","@id":"https:\/\/www.ifegypte.com\/ar\/concours-de-plaidoirie-journee-du-droit-2025\/","url":"https:\/\/www.ifegypte.com\/ar\/concours-de-plaidoirie-journee-du-droit-2025\/","name":"Concours de plaidoirie - Journ\u00e9e du Droit 2025 - Institut fran\u00e7ais d&#039;\u00c9gypte","isPartOf":{"@id":"https:\/\/www.ifegypte.com\/#website"},"primaryImageOfPage":{"@id":"https:\/\/www.ifegypte.com\/ar\/concours-de-plaidoirie-journee-du-droit-2025\/#primaryimage"},"image":{"@id":"https:\/\/www.ifegypte.com\/ar\/concours-de-plaidoirie-journee-du-droit-2025\/#primaryimage"},"thumbnailUrl":"https:\/\/www.ifegypte.com\/wp-content\/uploads\/2025\/10\/Visuel-Journee-du-Droit-2025-Concours-de-plaidoiries-2.png","datePublished":"2025-10-16T13:41:11+00:00","dateModified":"2025-10-16T13:56:59+00:00","author":{"@id":"https:\/\/www.ifegypte.com\/#\/schema\/person\/aff5d1faec5eabaa07f6acec48ddcc45"},"description":"Suivez la grande finale du concours de plaidoirie organis\u00e9 dans le cadre Journ\u00e9e du Droit 2025, le tout en direct et en fran\u00e7ais !","breadcrumb":{"@id":"https:\/\/www.ifegypte.com\/ar\/concours-de-plaidoirie-journee-du-droit-2025\/#breadcrumb"},"inLanguage":"ar-EG","potentialAction":[{"@type":"ReadAction","target":["https:\/\/www.ifegypte.com\/ar\/concours-de-plaidoirie-journee-du-droit-2025\/"]}]},{"@type":"ImageObject","inLanguage":"ar-EG","@id":"https:\/\/www.ifegypte.com\/ar\/concours-de-plaidoirie-journee-du-droit-2025\/#primaryimage","url":"https:\/\/www.ifegypte.com\/wp-content\/uploads\/2025\/10\/Visuel-Journee-du-Droit-2025-Concours-de-plaidoiries-2.png","contentUrl":"https:\/\/www.ifegypte.com\/wp-content\/uploads\/2025\/10\/Visuel-Journee-du-Droit-2025-Concours-de-plaidoiries-2.png","width":2560,"height":1440,"caption":"Journ\u00e9e du Droit 2025 - Concours de plaidoiries (2)"},{"@type":"BreadcrumbList","@id":"https:\/\/www.ifegypte.com\/ar\/concours-de-plaidoirie-journee-du-droit-2025\/#breadcrumb","itemListElement":[{"@type":"ListItem","position":1,"name":"","item":"https:\/\/www.ifegypte.com\/ar\/"},{"@type":"ListItem","position":2,"name":"Concours de plaidoirie &#8211; Journ\u00e9e du Droit 2025"}]},{"@type":"WebSite","@id":"https:\/\/www.ifegypte.com\/#website","url":"https:\/\/www.ifegypte.com\/","name":"Institut fran\u00e7ais d&#039;\u00c9gypte","description":"","potentialAction":[{"@type":"SearchAction","target":{"@type":"EntryPoint","urlTemplate":"https:\/\/www.ifegypte.com\/?s={search_term_string}"},"query-input":{"@type":"PropertyValueSpecification","valueRequired":true,"valueName":"search_term_string"}}],"inLanguage":"ar-EG"},{"@type":"Person","@id":"https:\/\/www.ifegypte.com\/#\/schema\/person\/aff5d1faec5eabaa07f6acec48ddcc45","name":"Communication IFE","image":{"@type":"ImageObject","inLanguage":"ar-EG","@id":"https:\/\/www.ifegypte.com\/#\/schema\/person\/image\/","url":"https:\/\/secure.gravatar.com\/avatar\/d8cba0df4fe1462a2e196fa04fb1efbea22f8071a94d696965a446cc511f47d5?s=96&d=mm&r=g","contentUrl":"https:\/\/secure.gravatar.com\/avatar\/d8cba0df4fe1462a2e196fa04fb1efbea22f8071a94d696965a446cc511f47d5?s=96&d=mm&r=g","caption":"Communication IFE"},"url":"https:\/\/www.ifegypte.com\/ar\/author\/communication-ife\/"}]}},"_links":{"self":[{"href":"https:\/\/www.ifegypte.com\/ar\/wp-json\/wp\/v2\/posts\/35286","targetHints":{"allow":["GET"]}}],"collection":[{"href":"https:\/\/www.ifegypte.com\/ar\/wp-json\/wp\/v2\/posts"}],"about":[{"href":"https:\/\/www.ifegypte.com\/ar\/wp-json\/wp\/v2\/types\/post"}],"author":[{"embeddable":true,"href":"https:\/\/www.ifegypte.com\/ar\/wp-json\/wp\/v2\/users\/8"}],"replies":[{"embeddable":true,"href":"https:\/\/www.ifegypte.com\/ar\/wp-json\/wp\/v2\/comments?post=35286"}],"version-history":[{"count":3,"href":"https:\/\/www.ifegypte.com\/ar\/wp-json\/wp\/v2\/posts\/35286\/revisions"}],"predecessor-version":[{"id":35291,"href":"https:\/\/www.ifegypte.com\/ar\/wp-json\/wp\/v2\/posts\/35286\/revisions\/35291"}],"wp:featuredmedia":[{"embeddable":true,"href":"https:\/\/www.ifegypte.com\/ar\/wp-json\/wp\/v2\/media\/35283"}],"wp:attachment":[{"href":"https:\/\/www.ifegypte.com\/ar\/wp-json\/wp\/v2\/media?parent=35286"}],"wp:term":[{"taxonomy":"category","embeddable":true,"href":"https:\/\/www.ifegypte.com\/ar\/wp-json\/wp\/v2\/categories?post=35286"},{"taxonomy":"post_tag","embeddable":true,"href":"https:\/\/www.ifegypte.com\/ar\/wp-json\/wp\/v2\/tags?post=35286"}],"curies":[{"name":"wp","href":"https:\/\/api.w.org\/{rel}","templated":true}]}}